{"id":215,"date":"2013-12-04T20:08:01","date_gmt":"2013-12-04T18:08:01","guid":{"rendered":"http:\/\/www.kunstkurs-online.de\/kunst-blog-msa\/?p=215"},"modified":"2018-12-22T01:57:21","modified_gmt":"2018-12-21T23:57:21","slug":"stilrichtung-kunstgeschichte-der-expressionismus","status":"publish","type":"post","link":"https:\/\/www.kunstkurs-online.de\/kunst-blog-msa\/kunst-kunstler\/stilrichtung-kunstgeschichte-der-expressionismus\/","title":{"rendered":"Stilrichtung &#038; Kunstgeschichte &#8211; Der Expressionismus"},"content":{"rendered":"<p>Zusammengesetzt aus den beiden lateinischen Worten \u201eex&#8220; und \u201eprimere&#8220;, was soviel hei\u00dft wie \u201eausdr\u00fccken&#8220;, handelt es sich beim <a href=\"http:\/\/www.amazon.de\/gp\/product\/3652000544\/ref=as_li_tf_tl?ie=UTF8&amp;camp=1638&amp;creative=6742&amp;creativeASIN=3652000544&amp;linkCode=as2&amp;tag=malenzeichnai-21\" target=\"_blank\" rel=\"noopener\">Expressionismus<\/a>* um eine \u201eAusdruckskunst&#8220;, die in viele kulturelle Bereiche wie beispielsweise der Malerei, Musik, Literatur, Architektur und sogar dem Kino Einzug hielt. So \u00fcberraschend es auch klingen mag, der Expressionismus weist mit seinen zahlreichen unterschiedlichen Ausdrucksformen viele Merkmale der Romantik auf.<\/p>\n<h2>Aufkommen des Expressionismus<\/h2>\n<p>Eine erste Nutzung des Begriffs Expressionismus, zun\u00e4chst als Umschreibung der Bilder fortschrittlicher Maler wie Franz Marc oder Wassily Kandinsky, kann mit dem Jahr 1911 datiert werden. Kurz darauf verwandte man den Begriff jedoch vermehrt f\u00fcr literarische Werke, in denen Autoren haupts\u00e4chlich Bezug auf die k\u00fcnstliche Au\u00dfenwelt, das innere Ich des Menschen und die Aussicht auf Erneuerung nahmen. Sowohl eine sich rasant entwickelnde und ver\u00e4ndernde Welt als auch der erste Weltkrieg gaben expressionistischen K\u00fcnstlern hinreichende Verwirklichungsm\u00f6glichkeiten.<\/p>\n<h5 style=\"text-align: center;\"><img decoding=\"async\" class=\"aligncenter\" src=\"\/kunst-blog-artikel\/bilder-blog\/franz-marc-04.jpg\" alt=\"Expressionismus - Gem\u00e4lde\" \/>K\u00e4mpfende Formen, von Franz Marc, 1914 (Replikat)<\/h5>\n<p>Beim Expressionismus kann man nicht eindeutig von einem Stil sprechen, es ist treffender, ihn als k\u00fcnstlerische Bewegung zu betiteln, in welcher K\u00fcnstler einer jungen Generation ihrem Lebensgef\u00fchl Ausdruck verleihen.<\/p>\n<p>Auch vor den silbernen Leinw\u00e4nden machte der Expressionismus keinen Halt. Erich Pommers Film \u201eDas Kabinett des Dr. Caligari&#8220; aus dem Jahre 1919 ist ein Paradebeispiel f\u00fcr expressionistisches Schaffen im Filmgesch\u00e4ft. Auf einem Jahrmarkt Set, \u00fcber D\u00e4chern der Stadt und in einem Irrenhaus, erz\u00e4hlt der Film die Geschichte des sehr mysteri\u00f6sen Dr. Caligari, der seine Assistentin hypnotisiert und somit zum T\u00f6ten anstiftet.<\/p>\n<h3>Merkmale des Expressionismus<\/h3>\n<p>Betrachtet man die unterschiedlichen Werke expressionistischer K\u00fcnstler aus Musik, Architektur, Literatur oder der Malerei, so f\u00e4llt auf, dass nicht die objektive Wirklichkeit dargestellt wird, sondern vielmehr subjektive Reaktionen und Empfindungen gefordert werden, um Verborgenes zu erkennen oder Ereignisse zu erwecken. Wir sehen und erleben den <a href=\"http:\/\/www.amazon.de\/gp\/product\/3652000544\/ref=as_li_tf_tl?ie=UTF8&amp;camp=1638&amp;creative=6742&amp;creativeASIN=3652000544&amp;linkCode=as2&amp;tag=malenzeichnai-21\" target=\"_blank\" rel=\"noopener\">Expressionismus<\/a>* durch Attribute wie Primitivismus, Verzerrung, Ersch\u00fctterungen, \u00dcbertreibung, und Fantasie sowie durch die lebendige, gewaltt\u00e4tige oder dynamische Anwendung der formalen Elemente.<\/p>\n<h5 style=\"text-align: center;\"><img decoding=\"async\" src=\"\/kunst-blog-artikel\/bilder-blog\/franz-marc-12.jpg\" alt=\"Expressionismus - Malerei und Kunst\" \/><br \/>\n Tirol, von Franz Marc, 1914 (Replikat)<\/h5>\n<p>Im Bereich der Malerei tritt der <a href=\"http:\/\/www.amazon.de\/gp\/product\/3652000544\/ref=as_li_tf_tl?ie=UTF8&amp;camp=1638&amp;creative=6742&amp;creativeASIN=3652000544&amp;linkCode=as2&amp;tag=malenzeichnai-21\" target=\"_blank\" rel=\"noopener\">Expressionismus<\/a>* als die Kunst auf, die Wirklichkeit durch \u00dcbertreibung, kr\u00e4ftige und sichtbare Pinself\u00fchrung sowie kr\u00e4ftiger Farbe zu verf\u00e4lschen, um so die Visionen und Gef\u00fchle eines K\u00fcnstlers auszudr\u00fccken.<\/p>\n","protected":false},"excerpt":{"rendered":"<p>Zusammengesetzt aus den beiden lateinischen Worten \u201eex&#8220; und \u201eprimere&#8220;, was soviel hei\u00dft wie \u201eausdr\u00fccken&#8220;, handelt es sich beim Expressionismus* um eine \u201eAusdruckskunst&#8220;, die in viele kulturelle Bereiche wie beispielsweise der Malerei, Musik, Literatur, Architektur und sogar dem Kino Einzug hielt. So \u00fcberraschend es auch klingen mag, der Expressionismus weist mit seinen zahlreichen unterschiedlichen Ausdrucksformen viele [&hellip;]<\/p>\n","protected":false},"author":1,"featured_media":0,"comment_status":"open","ping_status":"open","sticky":false,"template":"","format":"standard","meta":{"footnotes":""},"categories":[54],"tags":[174,8,170,50,173],"_links":{"self":[{"href":"https:\/\/www.kunstkurs-online.de\/kunst-blog-msa\/wp-json\/wp\/v2\/posts\/215"}],"collection":[{"href":"https:\/\/www.kunstkurs-online.de\/kunst-blog-msa\/wp-json\/wp\/v2\/posts"}],"about":[{"href":"https:\/\/www.kunstkurs-online.de\/kunst-blog-msa\/wp-json\/wp\/v2\/types\/post"}],"author":[{"embeddable":true,"href":"https:\/\/www.kunstkurs-online.de\/kunst-blog-msa\/wp-json\/wp\/v2\/users\/1"}],"replies":[{"embeddable":true,"href":"https:\/\/www.kunstkurs-online.de\/kunst-blog-msa\/wp-json\/wp\/v2\/comments?post=215"}],"version-history":[{"count":5,"href":"https:\/\/www.kunstkurs-online.de\/kunst-blog-msa\/wp-json\/wp\/v2\/posts\/215\/revisions"}],"predecessor-version":[{"id":371,"href":"https:\/\/www.kunstkurs-online.de\/kunst-blog-msa\/wp-json\/wp\/v2\/posts\/215\/revisions\/371"}],"wp:attachment":[{"href":"https:\/\/www.kunstkurs-online.de\/kunst-blog-msa\/wp-json\/wp\/v2\/media?parent=215"}],"wp:term":[{"taxonomy":"category","embeddable":true,"href":"https:\/\/www.kunstkurs-online.de\/kunst-blog-msa\/wp-json\/wp\/v2\/categories?post=215"},{"taxonomy":"post_tag","embeddable":true,"href":"https:\/\/www.kunstkurs-online.de\/kunst-blog-msa\/wp-json\/wp\/v2\/tags?post=215"}],"curies":[{"name":"wp","href":"https:\/\/api.w.org\/{rel}","templated":true}]}}