{"id":218,"date":"2013-12-09T20:10:49","date_gmt":"2013-12-09T18:10:49","guid":{"rendered":"http:\/\/www.kunstkurs-online.de\/kunst-blog-msa\/?p=218"},"modified":"2018-12-22T01:57:38","modified_gmt":"2018-12-21T23:57:38","slug":"maler-und-gemaelde-des-expressionismus","status":"publish","type":"post","link":"https:\/\/www.kunstkurs-online.de\/kunst-blog-msa\/kunst-kunstler\/maler-und-gemaelde-des-expressionismus\/","title":{"rendered":"Maler und Gem\u00e4lde des Expressionismus"},"content":{"rendered":"<p>Die wohl bekannteste aller expressionistischen Ausdrucksformen fand ab dem Jahre 1905 ihren Einsatz in der Malerei. Getreu dem Grundsatz des <a href=\"http:\/\/www.amazon.de\/gp\/product\/3652000544\/ref=as_li_tf_tl?ie=UTF8&amp;camp=1638&amp;creative=6742&amp;creativeASIN=3652000544&amp;linkCode=as2&amp;tag=malenzeichnai-21\" target=\"_blank\" rel=\"noopener\">Expressionismus<\/a>* wurde das zu repr\u00e4sentierende Objekt v\u00f6llig aus dem Zusammenhang mit seiner Bedeutung gerissen &#8211; frei nach dem Glauben vieler Expressionisten an eine unkontrollierbare Entwicklung der Menschheit sowie eine unmoralische Welt.<\/p>\n<p>W\u00e4hrend im <a href=\"http:\/\/www.amazon.de\/gp\/product\/383219018X\/ref=as_li_tf_tl?ie=UTF8&amp;camp=1638&amp;creative=6742&amp;creativeASIN=383219018X&amp;linkCode=as2&amp;tag=malenzeichnai-21\" target=\"_blank\" rel=\"noopener\">Impressionismus<\/a>* noch klar zu erkennen gewesen war, um was es sich auf einem Gem\u00e4lde handelte, so bot die expressionistische Darstellung lediglich eine Einladung zum Verst\u00e4ndnis des eigentlichen Themas an. Die wahre Bedeutung eines Werkes lag oftmals verborgen.<\/p>\n<h2>Der blaue Reiter<\/h2>\n<p>Im Jahre 1911 verb\u00fcndete sich eine kleine Gruppe deutscher Maler um <a href=\"http:\/\/www.amazon.de\/gp\/product\/3822863602\/ref=as_li_tf_tl?ie=UTF8&amp;camp=1638&amp;creative=6742&amp;creativeASIN=3822863602&amp;linkCode=as2&amp;tag=malenzeichnai-21\" target=\"_blank\" rel=\"noopener\">Wassily Kandinsky<\/a>* und gab sich den Namen <a href=\"http:\/\/www.amazon.de\/gp\/product\/3822855774\/ref=as_li_tf_tl?ie=UTF8&amp;camp=1638&amp;creative=6742&amp;creativeASIN=3822855774&amp;linkCode=as2&amp;tag=malenzeichnai-21\" target=\"_blank\" rel=\"noopener\">\u201eDer blaue Reiter&#8220;<\/a>*, abgeleitet von der ersten Bewegung \u201eDie Br\u00fccke&#8220;, welche sich 1913 aufl\u00f6ste. Gemeinsam stellten sie ihre modern expressionistischen Kreationen der breiten Masse vor. \u201eDer blaue Reiter&#8220; gilt als H\u00f6hepunkt des deutschen Expressionismus. Neben Kandinsky geh\u00f6rten auch August Macke und Franz Marc der Gruppe an.<\/p>\n<h2>Bedeutende Maler des Expressionismus<\/h2>\n<p>Der in M\u00fcnchen geborene <a href=\"http:\/\/www.amazon.de\/gp\/product\/394361607X\/ref=as_li_tf_tl?ie=UTF8&amp;camp=1638&amp;creative=6742&amp;creativeASIN=394361607X&amp;linkCode=as2&amp;tag=malenzeichnai-21\" target=\"_blank\" rel=\"noopener\">Franz Marc<\/a>* stach dabei mit seinen von kr\u00e4ftigen, symbolischen Farben gepr\u00e4gten Werken am deutlichsten hervor &#8211; seine bekanntesten Gem\u00e4lde haben beispielsweise Pferde in leuchtendem Gelb oder Blau zum Thema.<\/p>\n<h5 style=\"text-align: center;\"><img decoding=\"async\" class=\"aligncenter\" src=\"\/kunst-blog-artikel\/bilder-blog\/franz-marc-04.jpg\" alt=\"Expressionismus - Gem\u00e4lde\" \/>K\u00e4mpfende Formen, von Franz Marc, 1914 (Replikat)<\/h5>\n<h5 style=\"text-align: center;\"><img decoding=\"async\" src=\"\/kunst-blog-artikel\/bilder-blog\/franz-marc-12.jpg\" alt=\"Expressionismus - Malerei und Kunst\" \/><br \/>\n Tirol, von Franz Marc, 1914 (Replikat)<\/h5>\n<p>Im Gegensatz zum romantisch malenden Marc, arbeitete August Macke vornehmlich mit leicht poetischem Temperament und einem beachtlichen Feingef\u00fchl f\u00fcr Formen und Farben.<\/p>\n<p>Zu seinen bedeutendsten expressionistischen Werken geh\u00f6ren \u201eDame in gr\u00fcner Jacke&#8220; (1913), \u201eModefenster&#8220; (1913) oder \u201eZwei M\u00e4nner mit Frau&#8220; (1913).<\/p>\n<p>Der in Russland geborene Wassily Kandinsky gilt als Urvater der modernen abstrakten Malerei und widmete sich in der Zeit des blauen Reiters ausschlie\u00dflich dieser Kunstform. Nachdem er bereits in mehreren k\u00fcnstlerischen Bewegungen t\u00e4tig gewesen war und zu Beginn seine Arbeiten noch traditionell flie\u00dfend gemalt hatte, entwickelte sich sein expressionistischer Stil zwischen 1911 und 1914 zun\u00e4chst in den geometrischen und schlie\u00dflich in den pictografischen Bereich. Als gelernter Musiker verglich er seine Art zu malen stets mit verschiedenen Facetten der Musik. Bedeutende Bilder aus seiner Hand beinhalten \u201eImprovisation 26&#8243; (1912), \u201eKleine Freuden&#8220; (1913) oder \u201eKomposition VI&#8220; (1913).<\/p>\n","protected":false},"excerpt":{"rendered":"<p>Die wohl bekannteste aller expressionistischen Ausdrucksformen fand ab dem Jahre 1905 ihren Einsatz in der Malerei. Getreu dem Grundsatz des Expressionismus* wurde das zu repr\u00e4sentierende Objekt v\u00f6llig aus dem Zusammenhang mit seiner Bedeutung gerissen &#8211; frei nach dem Glauben vieler Expressionisten an eine unkontrollierbare Entwicklung der Menschheit sowie eine unmoralische Welt. W\u00e4hrend im Impressionismus* noch [&hellip;]<\/p>\n","protected":false},"author":1,"featured_media":0,"comment_status":"open","ping_status":"open","sticky":false,"template":"","format":"standard","meta":{"footnotes":""},"categories":[54],"tags":[174,131,8,170,50,173],"_links":{"self":[{"href":"https:\/\/www.kunstkurs-online.de\/kunst-blog-msa\/wp-json\/wp\/v2\/posts\/218"}],"collection":[{"href":"https:\/\/www.kunstkurs-online.de\/kunst-blog-msa\/wp-json\/wp\/v2\/posts"}],"about":[{"href":"https:\/\/www.kunstkurs-online.de\/kunst-blog-msa\/wp-json\/wp\/v2\/types\/post"}],"author":[{"embeddable":true,"href":"https:\/\/www.kunstkurs-online.de\/kunst-blog-msa\/wp-json\/wp\/v2\/users\/1"}],"replies":[{"embeddable":true,"href":"https:\/\/www.kunstkurs-online.de\/kunst-blog-msa\/wp-json\/wp\/v2\/comments?post=218"}],"version-history":[{"count":5,"href":"https:\/\/www.kunstkurs-online.de\/kunst-blog-msa\/wp-json\/wp\/v2\/posts\/218\/revisions"}],"predecessor-version":[{"id":372,"href":"https:\/\/www.kunstkurs-online.de\/kunst-blog-msa\/wp-json\/wp\/v2\/posts\/218\/revisions\/372"}],"wp:attachment":[{"href":"https:\/\/www.kunstkurs-online.de\/kunst-blog-msa\/wp-json\/wp\/v2\/media?parent=218"}],"wp:term":[{"taxonomy":"category","embeddable":true,"href":"https:\/\/www.kunstkurs-online.de\/kunst-blog-msa\/wp-json\/wp\/v2\/categories?post=218"},{"taxonomy":"post_tag","embeddable":true,"href":"https:\/\/www.kunstkurs-online.de\/kunst-blog-msa\/wp-json\/wp\/v2\/tags?post=218"}],"curies":[{"name":"wp","href":"https:\/\/api.w.org\/{rel}","templated":true}]}}