{"id":223,"date":"2013-12-21T20:56:30","date_gmt":"2013-12-21T18:56:30","guid":{"rendered":"http:\/\/www.kunstkurs-online.de\/kunst-blog-msa\/?p=223"},"modified":"2018-12-22T01:59:33","modified_gmt":"2018-12-21T23:59:33","slug":"die-nachtwache-ein-gemaelde-von-rembrandt-van-rijn","status":"publish","type":"post","link":"https:\/\/www.kunstkurs-online.de\/kunst-blog-msa\/kunst-kunstler\/die-nachtwache-ein-gemaelde-von-rembrandt-van-rijn\/","title":{"rendered":"Die Nachtwache \u2013 Ein Gem\u00e4lde von Rembrandt van Rijn"},"content":{"rendered":"<p>\u201eDie Nachtwache&#8220; geh\u00f6rt neben dem \u201e<a title=\"Mann mit dem Goldhelm\" href=\"http:\/\/www.google.com\/culturalinstitute\/asset-viewer\/the-man-with-the-golden-helmet\/NgGTJY5DC_fR5Q?hl=de&amp;projectId=art-project\" target=\"_blank\" rel=\"noopener\">Mann mit dem Goldhelm<\/a>&#8220; zu den bekanntesten und beliebtesten Bildern des niederl\u00e4ndischen Malers <a href=\"http:\/\/www.amazon.de\/gp\/search?ie=UTF8&amp;camp=1638&amp;creative=6742&amp;index=books&amp;keywords=Rembrandt%20van%20Rijn&amp;linkCode=ur2&amp;tag=malenzeichnai-21\" target=\"_blank\" rel=\"noopener\">Rembrandt van Rijn<\/a>* (1606\u20131669). Es zeigt eine der Sch\u00fctzengilden aus dem 17. Jahrhundert und h\u00e4ngt heute im Rijksmuseum von Amsterdam.<\/p>\n<h2>Das Gem\u00e4lde \u2013 Die Nachtwache<\/h2>\n<p>Das f\u00fcr Rembrandt in sehr typischen, dunklen und sehr warmen Farben gemalte Bild zeigt eine Sch\u00fctzengilde, wie sie zu Lebzeiten des Malers \u00fcblich war. Auf dem Gem\u00e4lde sind insgesamt 34 Personen zu sehen, von denen 18 Sch\u00fctzen sind. Im Vordergrund steht der kommandierende Hauptmann und neben ihm ein Leutnant. Die gelbe Uniform des Leutnants und das leuchtend gelbe Kleid eines jungen M\u00e4dchens im Hintergrund sind die einzigen Farbtupfer, die Rembrandt auf das Bild machte. Ansonsten sind die Farben so dunkel, dass man zum Beispiel im Hintergrund des Bildes keine Details mehr erkennen kann. Experten vermuten allerdings, dass das Bild urspr\u00fcnglich einmal heller war und im Laufe der Jahrhunderte nachgedunkelt ist. Wo das Bild entstanden ist, wei\u00df man heute nicht mehr. Auf der Fahne der Sch\u00fctzengilde ist aber das Wappen von Amsterdam zu sehen.<\/p>\n<h5 style=\"text-align: center;\"><img decoding=\"async\" src=\"\/kunst-blog-artikel\/bilder-blog\/Rembrandt_Nachtwache-02b.png\" alt=\"Die Nachtwache\" \/><br \/>\n Die Nachtwache \u2013 Ein Gem\u00e4lde von Rembrandt van Rijn\u00a0(Replikat)<\/h5>\n<p>Das Gem\u00e4lde in hoher Aufl\u00f6sung: <a title=\"Die Nachtwache\" href=\"http:\/\/www.google.com\/culturalinstitute\/asset-viewer\/officers-and-other-civic-guardsmen-of-district-ii-of-amsterdam-under-the-command-of-captain-frans-banninck-cocq-andlieutenant-willem-van-ruytenburch-known-as-the-night-watch\/eQEojRwTdypUKA?hl=de&amp;projectId=art-project\" target=\"_blank\" rel=\"noopener\">Die Nachtwache von Rembrandt van Rijn<\/a><\/p>\n<h3>Besonderheiten des Gem\u00e4ldes<\/h3>\n<p><a href=\"http:\/\/www.amazon.de\/gp\/search?ie=UTF8&amp;camp=1638&amp;creative=6742&amp;index=books&amp;keywords=Rembrandt%20van%20Rijn&amp;linkCode=ur2&amp;tag=malenzeichnai-21\" target=\"_blank\" rel=\"noopener\">Rembrandt van Rijn<\/a>*\u00a0hat \u201eDie Nachtwache&#8220; in hellen und dunklen Kontrasten gemalt. Trotzdem wird der Blick des Betrachters nicht auf die beiden gelben Punkte gelenkt, sondern immer nur auf das Geschehen, das sich im Vordergrund des Bildes abspielt. Ungew\u00f6hnlich f\u00fcr das Gem\u00e4lde, das nur M\u00e4nner zeigt, ist die Anwesenheit einer Frau, die links im Hintergrund in einem leuchtend gelben Kleid zu sehen ist. Vermutlich handelt es sich dabei um eine Marketenderin. Angeblich soll \u201eDie Nachtwache&#8220; das Bild gewesen sein, das zu Rembrandts Ruin gef\u00fchrt hat, da seine Auftraggeber, die Sch\u00fctzengilde, das Gem\u00e4lde nicht bezahlen wollte. Mittlerweile wei\u00df man, dass die Sch\u00fctzengilde das Bild sehr wohl bezahlt hat. Die einzelnen Mitglieder haben f\u00fcr das Bild zusammengelegt. 1715 wurde das Bild stark verkleinert, da es in seinem riesigen Format (4,00 m breit und 5,10 m hoch) nicht in den Saal des Amsterdamer Rathauses passte.<\/p>\n","protected":false},"excerpt":{"rendered":"<p>\u201eDie Nachtwache&#8220; geh\u00f6rt neben dem \u201eMann mit dem Goldhelm&#8220; zu den bekanntesten und beliebtesten Bildern des niederl\u00e4ndischen Malers Rembrandt van Rijn* (1606\u20131669). Es zeigt eine der Sch\u00fctzengilden aus dem 17. Jahrhundert und h\u00e4ngt heute im Rijksmuseum von Amsterdam. Das Gem\u00e4lde \u2013 Die Nachtwache Das f\u00fcr Rembrandt in sehr typischen, dunklen und sehr warmen Farben gemalte [&hellip;]<\/p>\n","protected":false},"author":1,"featured_media":0,"comment_status":"open","ping_status":"open","sticky":false,"template":"","format":"standard","meta":{"footnotes":""},"categories":[54],"tags":[23,14,131,8,50,150,175],"_links":{"self":[{"href":"https:\/\/www.kunstkurs-online.de\/kunst-blog-msa\/wp-json\/wp\/v2\/posts\/223"}],"collection":[{"href":"https:\/\/www.kunstkurs-online.de\/kunst-blog-msa\/wp-json\/wp\/v2\/posts"}],"about":[{"href":"https:\/\/www.kunstkurs-online.de\/kunst-blog-msa\/wp-json\/wp\/v2\/types\/post"}],"author":[{"embeddable":true,"href":"https:\/\/www.kunstkurs-online.de\/kunst-blog-msa\/wp-json\/wp\/v2\/users\/1"}],"replies":[{"embeddable":true,"href":"https:\/\/www.kunstkurs-online.de\/kunst-blog-msa\/wp-json\/wp\/v2\/comments?post=223"}],"version-history":[{"count":3,"href":"https:\/\/www.kunstkurs-online.de\/kunst-blog-msa\/wp-json\/wp\/v2\/posts\/223\/revisions"}],"predecessor-version":[{"id":374,"href":"https:\/\/www.kunstkurs-online.de\/kunst-blog-msa\/wp-json\/wp\/v2\/posts\/223\/revisions\/374"}],"wp:attachment":[{"href":"https:\/\/www.kunstkurs-online.de\/kunst-blog-msa\/wp-json\/wp\/v2\/media?parent=223"}],"wp:term":[{"taxonomy":"category","embeddable":true,"href":"https:\/\/www.kunstkurs-online.de\/kunst-blog-msa\/wp-json\/wp\/v2\/categories?post=223"},{"taxonomy":"post_tag","embeddable":true,"href":"https:\/\/www.kunstkurs-online.de\/kunst-blog-msa\/wp-json\/wp\/v2\/tags?post=223"}],"curies":[{"name":"wp","href":"https:\/\/api.w.org\/{rel}","templated":true}]}}